{"id":944,"date":"2026-02-03T09:58:19","date_gmt":"2026-02-03T08:58:19","guid":{"rendered":"https:\/\/www.naturalmenteandrea.it\/blog\/?p=944"},"modified":"2026-02-03T11:58:47","modified_gmt":"2026-02-03T10:58:47","slug":"paleo-campagna-iblea-con-kalura","status":"publish","type":"post","link":"https:\/\/www.naturalmenteandrea.it\/blog\/paleo-campagna-iblea-con-kalura\/","title":{"rendered":"Paleo campagna iblea &#8211; con Kalura"},"content":{"rendered":"\n<figure class=\"wp-block-image size-large\"><a href=\"https:\/\/www.naturalmenteandrea.it\/blog\/wp-content\/uploads\/2026\/02\/naturalmenteandrea-kalura_8184.webp\"><img loading=\"lazy\" decoding=\"async\" width=\"1024\" height=\"683\" src=\"https:\/\/www.naturalmenteandrea.it\/blog\/wp-content\/uploads\/2026\/02\/naturalmenteandrea-kalura_8184-1024x683.webp\" alt=\"\" class=\"wp-image-947\" srcset=\"https:\/\/www.naturalmenteandrea.it\/blog\/wp-content\/uploads\/2026\/02\/naturalmenteandrea-kalura_8184-1024x683.webp 1024w, https:\/\/www.naturalmenteandrea.it\/blog\/wp-content\/uploads\/2026\/02\/naturalmenteandrea-kalura_8184-300x200.webp 300w, https:\/\/www.naturalmenteandrea.it\/blog\/wp-content\/uploads\/2026\/02\/naturalmenteandrea-kalura_8184-768x512.webp 768w, https:\/\/www.naturalmenteandrea.it\/blog\/wp-content\/uploads\/2026\/02\/naturalmenteandrea-kalura_8184-1536x1024.webp 1536w, https:\/\/www.naturalmenteandrea.it\/blog\/wp-content\/uploads\/2026\/02\/naturalmenteandrea-kalura_8184.webp 1920w\" sizes=\"auto, (max-width: 1024px) 100vw, 1024px\" \/><\/a><figcaption class=\"wp-element-caption\">Tomba a baldacchino dentro la grotta delle Trabacche<\/figcaption><\/figure>\n\n\n\n<p>Dopo anni di pigrizia, stimolato da diverse convergenze mi sono ritrovato invitato da <a href=\"http:\/\/kalura.org\">Kalura<\/a> a partecipare ad una loro escursione.<\/p>\n\n\n\n<p>Mi sono vergognato di non conoscere luoghi cos\u00ec importanti a due passi da casa.<\/p>\n\n\n<div class=\"wp-block-image\">\n<figure class=\"alignright size-large is-resized\"><a href=\"https:\/\/www.naturalmenteandrea.it\/blog\/wp-content\/uploads\/2026\/02\/naturalmenteandrea-kalura_8207.webp\"><img loading=\"lazy\" decoding=\"async\" width=\"1024\" height=\"683\" src=\"https:\/\/www.naturalmenteandrea.it\/blog\/wp-content\/uploads\/2026\/02\/naturalmenteandrea-kalura_8207-1024x683.webp\" alt=\"\" class=\"wp-image-951\" style=\"width:400px\" srcset=\"https:\/\/www.naturalmenteandrea.it\/blog\/wp-content\/uploads\/2026\/02\/naturalmenteandrea-kalura_8207-1024x683.webp 1024w, https:\/\/www.naturalmenteandrea.it\/blog\/wp-content\/uploads\/2026\/02\/naturalmenteandrea-kalura_8207-300x200.webp 300w, https:\/\/www.naturalmenteandrea.it\/blog\/wp-content\/uploads\/2026\/02\/naturalmenteandrea-kalura_8207-768x512.webp 768w, https:\/\/www.naturalmenteandrea.it\/blog\/wp-content\/uploads\/2026\/02\/naturalmenteandrea-kalura_8207-1536x1024.webp 1536w, https:\/\/www.naturalmenteandrea.it\/blog\/wp-content\/uploads\/2026\/02\/naturalmenteandrea-kalura_8207.webp 1920w\" sizes=\"auto, (max-width: 1024px) 100vw, 1024px\" \/><\/a><figcaption class=\"wp-element-caption\">Un po&#8217; di cultura<\/figcaption><\/figure>\n<\/div>\n\n\n<p>Non uno, ma ben due ipogei paleocristiani risalenti al IV-V sec d.c. tutto sommato conservati bene, la grotta delle Trabacche addirittura conserva due tombe a baldacchino e un&#8217;area della grotta \u00e8 stata ricavata da una vecchia cisterna, per cui ci si ritrova con un suggestivo punto luce dentro la grotta.<\/p>\n\n\n\n<p>L&#8217;escursione prosegue tra le campagne ragusane in direzione Donnafugata e Lorenzo, guida preparatissima di Kalura alterna camminate a momenti di cultura e cura.<\/p>\n\n\n<div class=\"wp-block-image\">\n<figure class=\"alignleft size-large is-resized\"><a href=\"https:\/\/www.naturalmenteandrea.it\/blog\/wp-content\/uploads\/2026\/02\/naturalmenteandrea-kalura_8201.webp\"><img loading=\"lazy\" decoding=\"async\" width=\"683\" height=\"1024\" src=\"https:\/\/www.naturalmenteandrea.it\/blog\/wp-content\/uploads\/2026\/02\/naturalmenteandrea-kalura_8201-683x1024.webp\" alt=\"\" class=\"wp-image-949\" style=\"width:300px\" srcset=\"https:\/\/www.naturalmenteandrea.it\/blog\/wp-content\/uploads\/2026\/02\/naturalmenteandrea-kalura_8201-683x1024.webp 683w, https:\/\/www.naturalmenteandrea.it\/blog\/wp-content\/uploads\/2026\/02\/naturalmenteandrea-kalura_8201-200x300.webp 200w, https:\/\/www.naturalmenteandrea.it\/blog\/wp-content\/uploads\/2026\/02\/naturalmenteandrea-kalura_8201-768x1152.webp 768w, https:\/\/www.naturalmenteandrea.it\/blog\/wp-content\/uploads\/2026\/02\/naturalmenteandrea-kalura_8201-1024x1536.webp 1024w, https:\/\/www.naturalmenteandrea.it\/blog\/wp-content\/uploads\/2026\/02\/naturalmenteandrea-kalura_8201.webp 1280w\" sizes=\"auto, (max-width: 683px) 100vw, 683px\" \/><\/a><figcaption class=\"wp-element-caption\">Paesaggio Ibleo<\/figcaption><\/figure>\n<\/div>\n\n\n<p>Durante una pausa \u00e8 stato condiviso del t\u00e9 e una lettura letteraria sulla toponomastica della contrada in cui ci trovavamo, Cento Pozzi.<\/p>\n\n\n\n<p>Nonostante il terreno saturo d&#8217;acqua, la giornata fredda, il terreno fangoso, camminare \u00e8 stato un&#8217;esperienza pi\u00f9 che piacevole per il paesaggio, all&#8217;aperto e nelle grotte, i compagni di cammino, interessati e interessanti, e le guide davvero preparate ed esperienti.<\/p>\n\n\n\n<p>Il paesaggio rurale Ibleo \u00e8 una cartolina, dopo le piogge sembra un pezzo di roccia ricco di chiss\u00e0 quale cristallo brillante, in realt\u00e0 \u00e8 l&#8217;acqua che ci rende ricchi&#8230; o poveri.<\/p>\n\n\n\n<p>La seconda parte dell&#8217;escursione \u00e8 stata pi\u00f9 naturalistica, abbiamo avuto l&#8217;opportunit\u00e0 di ammirare una splendida Sughera, albero appartenente all&#8217;enorme famiglia delle querce.<\/p>\n\n\n\n<p>Inspiegabilmente \u00e8 stato rinvenuto un esemplare di sughera lungo il Fosso Lago sebbene sorga su substrato normalmente non di sua preferenza: qui le rocce e i terreni sono calcarei e la sughera predilige terreni pi\u00f9 acidi, sabbiosi e o argillosi, oltre che climi pi\u00f9 caldi.<\/p>\n\n\n\n<p>Alcune piante incontrate: iris planifolia, ruta, asfodelo bianco, asfodelo giallo, roverella.<\/p>\n\n\n\n<p>Quasi all&#8217;arrivo alcune notizie sulla linea ferroviaria dello stato del XIX sec. che abbiamo incrociato in un sottopassaggio costruito &#8211; ovviamente &#8211; in pietra locale: una vera oltre che cosiddetta &#8220;opera d&#8217;arte&#8221;.<\/p>\n\n\n\n<p>Infine: saluti, prossimi appuntamenti e la luna piena che si affaccia da dietro un profilo collinare ibleo, immortalata attraverso un carrubo e il piazzale del Castello di Donnafugata<\/p>\n\n\n\n<p>Altri dettagli in foto.<\/p>\n\n\n\n<figure class=\"wp-block-gallery has-nested-images columns-default is-cropped wp-block-gallery-1 is-layout-flex wp-block-gallery-is-layout-flex\">\n<figure class=\"wp-block-image size-large\"><a href=\"https:\/\/www.naturalmenteandrea.it\/blog\/wp-content\/uploads\/2026\/02\/naturalmenteandrea-kalura_8178.webp\"><img loading=\"lazy\" decoding=\"async\" width=\"1024\" height=\"683\" data-id=\"945\" src=\"https:\/\/www.naturalmenteandrea.it\/blog\/wp-content\/uploads\/2026\/02\/naturalmenteandrea-kalura_8178-1024x683.webp\" alt=\"\" class=\"wp-image-945\" srcset=\"https:\/\/www.naturalmenteandrea.it\/blog\/wp-content\/uploads\/2026\/02\/naturalmenteandrea-kalura_8178-1024x683.webp 1024w, https:\/\/www.naturalmenteandrea.it\/blog\/wp-content\/uploads\/2026\/02\/naturalmenteandrea-kalura_8178-300x200.webp 300w, https:\/\/www.naturalmenteandrea.it\/blog\/wp-content\/uploads\/2026\/02\/naturalmenteandrea-kalura_8178-768x512.webp 768w, https:\/\/www.naturalmenteandrea.it\/blog\/wp-content\/uploads\/2026\/02\/naturalmenteandrea-kalura_8178-1536x1024.webp 1536w, https:\/\/www.naturalmenteandrea.it\/blog\/wp-content\/uploads\/2026\/02\/naturalmenteandrea-kalura_8178.webp 1920w\" sizes=\"auto, (max-width: 1024px) 100vw, 1024px\" \/><\/a><figcaption class=\"wp-element-caption\">Si parte! Un po&#8217; di teoria sul sito archeologico dell&#8217;ipogeo delle Trabacche<\/figcaption><\/figure>\n\n\n\n<figure class=\"wp-block-image size-large\"><a href=\"https:\/\/www.naturalmenteandrea.it\/blog\/wp-content\/uploads\/2026\/02\/naturalmenteandrea-kalura_8180.webp\"><img loading=\"lazy\" decoding=\"async\" width=\"1024\" height=\"683\" data-id=\"946\" src=\"https:\/\/www.naturalmenteandrea.it\/blog\/wp-content\/uploads\/2026\/02\/naturalmenteandrea-kalura_8180-1024x683.webp\" alt=\"\" class=\"wp-image-946\" srcset=\"https:\/\/www.naturalmenteandrea.it\/blog\/wp-content\/uploads\/2026\/02\/naturalmenteandrea-kalura_8180-1024x683.webp 1024w, https:\/\/www.naturalmenteandrea.it\/blog\/wp-content\/uploads\/2026\/02\/naturalmenteandrea-kalura_8180-300x200.webp 300w, https:\/\/www.naturalmenteandrea.it\/blog\/wp-content\/uploads\/2026\/02\/naturalmenteandrea-kalura_8180-768x512.webp 768w, https:\/\/www.naturalmenteandrea.it\/blog\/wp-content\/uploads\/2026\/02\/naturalmenteandrea-kalura_8180-1536x1024.webp 1536w, https:\/\/www.naturalmenteandrea.it\/blog\/wp-content\/uploads\/2026\/02\/naturalmenteandrea-kalura_8180.webp 1920w\" sizes=\"auto, (max-width: 1024px) 100vw, 1024px\" \/><\/a><figcaption class=\"wp-element-caption\">Paesaggio della campagna Ragusana<\/figcaption><\/figure>\n\n\n\n<figure class=\"wp-block-image size-large\"><a href=\"https:\/\/www.naturalmenteandrea.it\/blog\/wp-content\/uploads\/2026\/02\/naturalmenteandrea-kalura_8184.webp\"><img loading=\"lazy\" decoding=\"async\" width=\"1024\" height=\"683\" data-id=\"947\" src=\"https:\/\/www.naturalmenteandrea.it\/blog\/wp-content\/uploads\/2026\/02\/naturalmenteandrea-kalura_8184-1024x683.webp\" alt=\"\" class=\"wp-image-947\" srcset=\"https:\/\/www.naturalmenteandrea.it\/blog\/wp-content\/uploads\/2026\/02\/naturalmenteandrea-kalura_8184-1024x683.webp 1024w, https:\/\/www.naturalmenteandrea.it\/blog\/wp-content\/uploads\/2026\/02\/naturalmenteandrea-kalura_8184-300x200.webp 300w, https:\/\/www.naturalmenteandrea.it\/blog\/wp-content\/uploads\/2026\/02\/naturalmenteandrea-kalura_8184-768x512.webp 768w, https:\/\/www.naturalmenteandrea.it\/blog\/wp-content\/uploads\/2026\/02\/naturalmenteandrea-kalura_8184-1536x1024.webp 1536w, https:\/\/www.naturalmenteandrea.it\/blog\/wp-content\/uploads\/2026\/02\/naturalmenteandrea-kalura_8184.webp 1920w\" sizes=\"auto, (max-width: 1024px) 100vw, 1024px\" \/><\/a><figcaption class=\"wp-element-caption\">Tomba a baldacchino dentro la grotta delle Trabacche<\/figcaption><\/figure>\n\n\n\n<figure class=\"wp-block-image size-large\"><a href=\"https:\/\/www.naturalmenteandrea.it\/blog\/wp-content\/uploads\/2026\/02\/naturalmenteandrea-kalura_8190.webp\"><img loading=\"lazy\" decoding=\"async\" width=\"683\" height=\"1024\" data-id=\"948\" src=\"https:\/\/www.naturalmenteandrea.it\/blog\/wp-content\/uploads\/2026\/02\/naturalmenteandrea-kalura_8190-683x1024.webp\" alt=\"\" class=\"wp-image-948\" srcset=\"https:\/\/www.naturalmenteandrea.it\/blog\/wp-content\/uploads\/2026\/02\/naturalmenteandrea-kalura_8190-683x1024.webp 683w, https:\/\/www.naturalmenteandrea.it\/blog\/wp-content\/uploads\/2026\/02\/naturalmenteandrea-kalura_8190-200x300.webp 200w, https:\/\/www.naturalmenteandrea.it\/blog\/wp-content\/uploads\/2026\/02\/naturalmenteandrea-kalura_8190-768x1152.webp 768w, https:\/\/www.naturalmenteandrea.it\/blog\/wp-content\/uploads\/2026\/02\/naturalmenteandrea-kalura_8190-1024x1536.webp 1024w, https:\/\/www.naturalmenteandrea.it\/blog\/wp-content\/uploads\/2026\/02\/naturalmenteandrea-kalura_8190.webp 1280w\" sizes=\"auto, (max-width: 683px) 100vw, 683px\" \/><\/a><figcaption class=\"wp-element-caption\">Lucernario-cisterna in grotta delle Trabacche<\/figcaption><\/figure>\n\n\n\n<figure class=\"wp-block-image size-large\"><a href=\"https:\/\/www.naturalmenteandrea.it\/blog\/wp-content\/uploads\/2026\/02\/naturalmenteandrea-kalura_8201.webp\"><img loading=\"lazy\" decoding=\"async\" width=\"683\" height=\"1024\" data-id=\"949\" src=\"https:\/\/www.naturalmenteandrea.it\/blog\/wp-content\/uploads\/2026\/02\/naturalmenteandrea-kalura_8201-683x1024.webp\" alt=\"\" class=\"wp-image-949\" srcset=\"https:\/\/www.naturalmenteandrea.it\/blog\/wp-content\/uploads\/2026\/02\/naturalmenteandrea-kalura_8201-683x1024.webp 683w, https:\/\/www.naturalmenteandrea.it\/blog\/wp-content\/uploads\/2026\/02\/naturalmenteandrea-kalura_8201-200x300.webp 200w, https:\/\/www.naturalmenteandrea.it\/blog\/wp-content\/uploads\/2026\/02\/naturalmenteandrea-kalura_8201-768x1152.webp 768w, https:\/\/www.naturalmenteandrea.it\/blog\/wp-content\/uploads\/2026\/02\/naturalmenteandrea-kalura_8201-1024x1536.webp 1024w, https:\/\/www.naturalmenteandrea.it\/blog\/wp-content\/uploads\/2026\/02\/naturalmenteandrea-kalura_8201.webp 1280w\" sizes=\"auto, (max-width: 683px) 100vw, 683px\" \/><\/a><figcaption class=\"wp-element-caption\">Paesaggio Ibleo<\/figcaption><\/figure>\n\n\n\n<figure class=\"wp-block-image size-large\"><a href=\"https:\/\/www.naturalmenteandrea.it\/blog\/wp-content\/uploads\/2026\/02\/naturalmenteandrea-kalura_8205.webp\"><img loading=\"lazy\" decoding=\"async\" width=\"1024\" height=\"683\" data-id=\"950\" src=\"https:\/\/www.naturalmenteandrea.it\/blog\/wp-content\/uploads\/2026\/02\/naturalmenteandrea-kalura_8205-1024x683.webp\" alt=\"\" class=\"wp-image-950\" srcset=\"https:\/\/www.naturalmenteandrea.it\/blog\/wp-content\/uploads\/2026\/02\/naturalmenteandrea-kalura_8205-1024x683.webp 1024w, https:\/\/www.naturalmenteandrea.it\/blog\/wp-content\/uploads\/2026\/02\/naturalmenteandrea-kalura_8205-300x200.webp 300w, https:\/\/www.naturalmenteandrea.it\/blog\/wp-content\/uploads\/2026\/02\/naturalmenteandrea-kalura_8205-768x512.webp 768w, https:\/\/www.naturalmenteandrea.it\/blog\/wp-content\/uploads\/2026\/02\/naturalmenteandrea-kalura_8205-1536x1024.webp 1536w, https:\/\/www.naturalmenteandrea.it\/blog\/wp-content\/uploads\/2026\/02\/naturalmenteandrea-kalura_8205.webp 1920w\" sizes=\"auto, (max-width: 1024px) 100vw, 1024px\" \/><\/a><figcaption class=\"wp-element-caption\">Iris planifolia<\/figcaption><\/figure>\n\n\n\n<figure class=\"wp-block-image size-large\"><a href=\"https:\/\/www.naturalmenteandrea.it\/blog\/wp-content\/uploads\/2026\/02\/naturalmenteandrea-kalura_8207.webp\"><img loading=\"lazy\" decoding=\"async\" width=\"1024\" height=\"683\" data-id=\"951\" src=\"https:\/\/www.naturalmenteandrea.it\/blog\/wp-content\/uploads\/2026\/02\/naturalmenteandrea-kalura_8207-1024x683.webp\" alt=\"\" class=\"wp-image-951\" srcset=\"https:\/\/www.naturalmenteandrea.it\/blog\/wp-content\/uploads\/2026\/02\/naturalmenteandrea-kalura_8207-1024x683.webp 1024w, https:\/\/www.naturalmenteandrea.it\/blog\/wp-content\/uploads\/2026\/02\/naturalmenteandrea-kalura_8207-300x200.webp 300w, https:\/\/www.naturalmenteandrea.it\/blog\/wp-content\/uploads\/2026\/02\/naturalmenteandrea-kalura_8207-768x512.webp 768w, https:\/\/www.naturalmenteandrea.it\/blog\/wp-content\/uploads\/2026\/02\/naturalmenteandrea-kalura_8207-1536x1024.webp 1536w, https:\/\/www.naturalmenteandrea.it\/blog\/wp-content\/uploads\/2026\/02\/naturalmenteandrea-kalura_8207.webp 1920w\" sizes=\"auto, (max-width: 1024px) 100vw, 1024px\" \/><\/a><figcaption class=\"wp-element-caption\">Un po&#8217; di cultura<\/figcaption><\/figure>\n\n\n\n<figure class=\"wp-block-image size-large\"><a href=\"https:\/\/www.naturalmenteandrea.it\/blog\/wp-content\/uploads\/2026\/02\/naturalmenteandrea-kalura_8212.webp\"><img loading=\"lazy\" decoding=\"async\" width=\"683\" height=\"1024\" data-id=\"952\" src=\"https:\/\/www.naturalmenteandrea.it\/blog\/wp-content\/uploads\/2026\/02\/naturalmenteandrea-kalura_8212-683x1024.webp\" alt=\"\" class=\"wp-image-952\" srcset=\"https:\/\/www.naturalmenteandrea.it\/blog\/wp-content\/uploads\/2026\/02\/naturalmenteandrea-kalura_8212-683x1024.webp 683w, https:\/\/www.naturalmenteandrea.it\/blog\/wp-content\/uploads\/2026\/02\/naturalmenteandrea-kalura_8212-200x300.webp 200w, https:\/\/www.naturalmenteandrea.it\/blog\/wp-content\/uploads\/2026\/02\/naturalmenteandrea-kalura_8212-768x1152.webp 768w, https:\/\/www.naturalmenteandrea.it\/blog\/wp-content\/uploads\/2026\/02\/naturalmenteandrea-kalura_8212-1024x1536.webp 1024w, https:\/\/www.naturalmenteandrea.it\/blog\/wp-content\/uploads\/2026\/02\/naturalmenteandrea-kalura_8212.webp 1280w\" sizes=\"auto, (max-width: 683px) 100vw, 683px\" \/><\/a><figcaption class=\"wp-element-caption\">Paesaggio Ibleo<\/figcaption><\/figure>\n\n\n\n<figure class=\"wp-block-image size-large\"><a href=\"https:\/\/www.naturalmenteandrea.it\/blog\/wp-content\/uploads\/2026\/02\/naturalmenteandrea-kalura_8221.webp\"><img loading=\"lazy\" decoding=\"async\" width=\"1024\" height=\"683\" data-id=\"953\" src=\"https:\/\/www.naturalmenteandrea.it\/blog\/wp-content\/uploads\/2026\/02\/naturalmenteandrea-kalura_8221-1024x683.webp\" alt=\"\" class=\"wp-image-953\" srcset=\"https:\/\/www.naturalmenteandrea.it\/blog\/wp-content\/uploads\/2026\/02\/naturalmenteandrea-kalura_8221-1024x683.webp 1024w, https:\/\/www.naturalmenteandrea.it\/blog\/wp-content\/uploads\/2026\/02\/naturalmenteandrea-kalura_8221-300x200.webp 300w, https:\/\/www.naturalmenteandrea.it\/blog\/wp-content\/uploads\/2026\/02\/naturalmenteandrea-kalura_8221-768x512.webp 768w, https:\/\/www.naturalmenteandrea.it\/blog\/wp-content\/uploads\/2026\/02\/naturalmenteandrea-kalura_8221-1536x1024.webp 1536w, https:\/\/www.naturalmenteandrea.it\/blog\/wp-content\/uploads\/2026\/02\/naturalmenteandrea-kalura_8221.webp 1920w\" sizes=\"auto, (max-width: 1024px) 100vw, 1024px\" \/><\/a><figcaption class=\"wp-element-caption\">Tanti nuovi amici lungo il cammino<\/figcaption><\/figure>\n\n\n\n<figure class=\"wp-block-image size-large\"><a href=\"https:\/\/www.naturalmenteandrea.it\/blog\/wp-content\/uploads\/2026\/02\/naturalmenteandrea-kalura_8225.webp\"><img loading=\"lazy\" decoding=\"async\" width=\"683\" height=\"1024\" data-id=\"954\" src=\"https:\/\/www.naturalmenteandrea.it\/blog\/wp-content\/uploads\/2026\/02\/naturalmenteandrea-kalura_8225-683x1024.webp\" alt=\"\" class=\"wp-image-954\" srcset=\"https:\/\/www.naturalmenteandrea.it\/blog\/wp-content\/uploads\/2026\/02\/naturalmenteandrea-kalura_8225-683x1024.webp 683w, https:\/\/www.naturalmenteandrea.it\/blog\/wp-content\/uploads\/2026\/02\/naturalmenteandrea-kalura_8225-200x300.webp 200w, https:\/\/www.naturalmenteandrea.it\/blog\/wp-content\/uploads\/2026\/02\/naturalmenteandrea-kalura_8225-768x1152.webp 768w, https:\/\/www.naturalmenteandrea.it\/blog\/wp-content\/uploads\/2026\/02\/naturalmenteandrea-kalura_8225-1024x1536.webp 1024w, https:\/\/www.naturalmenteandrea.it\/blog\/wp-content\/uploads\/2026\/02\/naturalmenteandrea-kalura_8225.webp 1280w\" sizes=\"auto, (max-width: 683px) 100vw, 683px\" \/><\/a><figcaption class=\"wp-element-caption\">La sughera fuori posto<\/figcaption><\/figure>\n\n\n\n<figure class=\"wp-block-image size-large\"><a href=\"https:\/\/www.naturalmenteandrea.it\/blog\/wp-content\/uploads\/2026\/02\/naturalmenteandrea-kalura_8230.webp\"><img loading=\"lazy\" decoding=\"async\" width=\"1024\" height=\"683\" data-id=\"955\" src=\"https:\/\/www.naturalmenteandrea.it\/blog\/wp-content\/uploads\/2026\/02\/naturalmenteandrea-kalura_8230-1024x683.webp\" alt=\"\" class=\"wp-image-955\" srcset=\"https:\/\/www.naturalmenteandrea.it\/blog\/wp-content\/uploads\/2026\/02\/naturalmenteandrea-kalura_8230-1024x683.webp 1024w, https:\/\/www.naturalmenteandrea.it\/blog\/wp-content\/uploads\/2026\/02\/naturalmenteandrea-kalura_8230-300x200.webp 300w, https:\/\/www.naturalmenteandrea.it\/blog\/wp-content\/uploads\/2026\/02\/naturalmenteandrea-kalura_8230-768x512.webp 768w, https:\/\/www.naturalmenteandrea.it\/blog\/wp-content\/uploads\/2026\/02\/naturalmenteandrea-kalura_8230-1536x1024.webp 1536w, https:\/\/www.naturalmenteandrea.it\/blog\/wp-content\/uploads\/2026\/02\/naturalmenteandrea-kalura_8230.webp 1920w\" sizes=\"auto, (max-width: 1024px) 100vw, 1024px\" \/><\/a><figcaption class=\"wp-element-caption\">Ode al Punto di vista &#8211; pt.1<\/figcaption><\/figure>\n\n\n\n<figure class=\"wp-block-image size-large\"><a href=\"https:\/\/www.naturalmenteandrea.it\/blog\/wp-content\/uploads\/2026\/02\/naturalmenteandrea-kalura_8231.webp\"><img loading=\"lazy\" decoding=\"async\" width=\"683\" height=\"1024\" data-id=\"956\" src=\"https:\/\/www.naturalmenteandrea.it\/blog\/wp-content\/uploads\/2026\/02\/naturalmenteandrea-kalura_8231-683x1024.webp\" alt=\"\" class=\"wp-image-956\" srcset=\"https:\/\/www.naturalmenteandrea.it\/blog\/wp-content\/uploads\/2026\/02\/naturalmenteandrea-kalura_8231-683x1024.webp 683w, https:\/\/www.naturalmenteandrea.it\/blog\/wp-content\/uploads\/2026\/02\/naturalmenteandrea-kalura_8231-200x300.webp 200w, https:\/\/www.naturalmenteandrea.it\/blog\/wp-content\/uploads\/2026\/02\/naturalmenteandrea-kalura_8231-768x1152.webp 768w, https:\/\/www.naturalmenteandrea.it\/blog\/wp-content\/uploads\/2026\/02\/naturalmenteandrea-kalura_8231-1024x1536.webp 1024w, https:\/\/www.naturalmenteandrea.it\/blog\/wp-content\/uploads\/2026\/02\/naturalmenteandrea-kalura_8231.webp 1280w\" sizes=\"auto, (max-width: 683px) 100vw, 683px\" \/><\/a><figcaption class=\"wp-element-caption\">Ode al Punto di vista &#8211; pt.2<\/figcaption><\/figure>\n\n\n\n<figure class=\"wp-block-image size-large\"><a href=\"https:\/\/www.naturalmenteandrea.it\/blog\/wp-content\/uploads\/2026\/02\/naturalmenteandrea-kalura_8237.webp\"><img loading=\"lazy\" decoding=\"async\" width=\"683\" height=\"1024\" data-id=\"957\" src=\"https:\/\/www.naturalmenteandrea.it\/blog\/wp-content\/uploads\/2026\/02\/naturalmenteandrea-kalura_8237-683x1024.webp\" alt=\"\" class=\"wp-image-957\" srcset=\"https:\/\/www.naturalmenteandrea.it\/blog\/wp-content\/uploads\/2026\/02\/naturalmenteandrea-kalura_8237-683x1024.webp 683w, https:\/\/www.naturalmenteandrea.it\/blog\/wp-content\/uploads\/2026\/02\/naturalmenteandrea-kalura_8237-200x300.webp 200w, https:\/\/www.naturalmenteandrea.it\/blog\/wp-content\/uploads\/2026\/02\/naturalmenteandrea-kalura_8237-768x1152.webp 768w, https:\/\/www.naturalmenteandrea.it\/blog\/wp-content\/uploads\/2026\/02\/naturalmenteandrea-kalura_8237-1024x1536.webp 1024w, https:\/\/www.naturalmenteandrea.it\/blog\/wp-content\/uploads\/2026\/02\/naturalmenteandrea-kalura_8237.webp 1280w\" sizes=\"auto, (max-width: 683px) 100vw, 683px\" \/><\/a><figcaption class=\"wp-element-caption\">Il fascino per l&#8217;abbandono<\/figcaption><\/figure>\n\n\n\n<figure class=\"wp-block-image size-large\"><a href=\"https:\/\/www.naturalmenteandrea.it\/blog\/wp-content\/uploads\/2026\/02\/naturalmenteandrea-kalura_8241.webp\"><img loading=\"lazy\" decoding=\"async\" width=\"1024\" height=\"683\" data-id=\"958\" src=\"https:\/\/www.naturalmenteandrea.it\/blog\/wp-content\/uploads\/2026\/02\/naturalmenteandrea-kalura_8241-1024x683.webp\" alt=\"\" class=\"wp-image-958\" srcset=\"https:\/\/www.naturalmenteandrea.it\/blog\/wp-content\/uploads\/2026\/02\/naturalmenteandrea-kalura_8241-1024x683.webp 1024w, https:\/\/www.naturalmenteandrea.it\/blog\/wp-content\/uploads\/2026\/02\/naturalmenteandrea-kalura_8241-300x200.webp 300w, https:\/\/www.naturalmenteandrea.it\/blog\/wp-content\/uploads\/2026\/02\/naturalmenteandrea-kalura_8241-768x512.webp 768w, https:\/\/www.naturalmenteandrea.it\/blog\/wp-content\/uploads\/2026\/02\/naturalmenteandrea-kalura_8241-1536x1024.webp 1536w, https:\/\/www.naturalmenteandrea.it\/blog\/wp-content\/uploads\/2026\/02\/naturalmenteandrea-kalura_8241.webp 1920w\" sizes=\"auto, (max-width: 1024px) 100vw, 1024px\" \/><\/a><figcaption class=\"wp-element-caption\">Paesaggio ottocentesco<\/figcaption><\/figure>\n\n\n\n<figure class=\"wp-block-image size-large\"><a href=\"https:\/\/www.naturalmenteandrea.it\/blog\/wp-content\/uploads\/2026\/02\/naturalmenteandrea-kalura_8246.webp\"><img loading=\"lazy\" decoding=\"async\" width=\"683\" height=\"1024\" data-id=\"959\" src=\"https:\/\/www.naturalmenteandrea.it\/blog\/wp-content\/uploads\/2026\/02\/naturalmenteandrea-kalura_8246-683x1024.webp\" alt=\"\" class=\"wp-image-959\" srcset=\"https:\/\/www.naturalmenteandrea.it\/blog\/wp-content\/uploads\/2026\/02\/naturalmenteandrea-kalura_8246-683x1024.webp 683w, https:\/\/www.naturalmenteandrea.it\/blog\/wp-content\/uploads\/2026\/02\/naturalmenteandrea-kalura_8246-200x300.webp 200w, https:\/\/www.naturalmenteandrea.it\/blog\/wp-content\/uploads\/2026\/02\/naturalmenteandrea-kalura_8246-768x1152.webp 768w, https:\/\/www.naturalmenteandrea.it\/blog\/wp-content\/uploads\/2026\/02\/naturalmenteandrea-kalura_8246-1024x1536.webp 1024w, https:\/\/www.naturalmenteandrea.it\/blog\/wp-content\/uploads\/2026\/02\/naturalmenteandrea-kalura_8246.webp 1280w\" sizes=\"auto, (max-width: 683px) 100vw, 683px\" \/><\/a><figcaption class=\"wp-element-caption\">Ingegneria ottocentesca<\/figcaption><\/figure>\n\n\n\n<figure class=\"wp-block-image size-large\"><a href=\"https:\/\/www.naturalmenteandrea.it\/blog\/wp-content\/uploads\/2026\/02\/naturalmenteandrea-kalura_8250.webp\"><img loading=\"lazy\" decoding=\"async\" width=\"1024\" height=\"683\" data-id=\"960\" src=\"https:\/\/www.naturalmenteandrea.it\/blog\/wp-content\/uploads\/2026\/02\/naturalmenteandrea-kalura_8250-1024x683.webp\" alt=\"\" class=\"wp-image-960\" srcset=\"https:\/\/www.naturalmenteandrea.it\/blog\/wp-content\/uploads\/2026\/02\/naturalmenteandrea-kalura_8250-1024x683.webp 1024w, https:\/\/www.naturalmenteandrea.it\/blog\/wp-content\/uploads\/2026\/02\/naturalmenteandrea-kalura_8250-300x200.webp 300w, https:\/\/www.naturalmenteandrea.it\/blog\/wp-content\/uploads\/2026\/02\/naturalmenteandrea-kalura_8250-768x512.webp 768w, https:\/\/www.naturalmenteandrea.it\/blog\/wp-content\/uploads\/2026\/02\/naturalmenteandrea-kalura_8250-1536x1024.webp 1536w, https:\/\/www.naturalmenteandrea.it\/blog\/wp-content\/uploads\/2026\/02\/naturalmenteandrea-kalura_8250.webp 1920w\" sizes=\"auto, (max-width: 1024px) 100vw, 1024px\" \/><\/a><figcaption class=\"wp-element-caption\">Gli animali lo capiscono<\/figcaption><\/figure>\n\n\n\n<figure class=\"wp-block-image size-large\"><a href=\"https:\/\/www.naturalmenteandrea.it\/blog\/wp-content\/uploads\/2026\/02\/naturalmenteandrea-kalura_8254.webp\"><img loading=\"lazy\" decoding=\"async\" width=\"1024\" height=\"683\" data-id=\"961\" src=\"https:\/\/www.naturalmenteandrea.it\/blog\/wp-content\/uploads\/2026\/02\/naturalmenteandrea-kalura_8254-1024x683.webp\" alt=\"\" class=\"wp-image-961\" srcset=\"https:\/\/www.naturalmenteandrea.it\/blog\/wp-content\/uploads\/2026\/02\/naturalmenteandrea-kalura_8254-1024x683.webp 1024w, https:\/\/www.naturalmenteandrea.it\/blog\/wp-content\/uploads\/2026\/02\/naturalmenteandrea-kalura_8254-300x200.webp 300w, https:\/\/www.naturalmenteandrea.it\/blog\/wp-content\/uploads\/2026\/02\/naturalmenteandrea-kalura_8254-768x512.webp 768w, https:\/\/www.naturalmenteandrea.it\/blog\/wp-content\/uploads\/2026\/02\/naturalmenteandrea-kalura_8254-1536x1024.webp 1536w, https:\/\/www.naturalmenteandrea.it\/blog\/wp-content\/uploads\/2026\/02\/naturalmenteandrea-kalura_8254.webp 1920w\" sizes=\"auto, (max-width: 1024px) 100vw, 1024px\" \/><\/a><figcaption class=\"wp-element-caption\">Gli animali mi percepiscono<\/figcaption><\/figure>\n\n\n\n<figure class=\"wp-block-image size-large\"><a href=\"https:\/\/www.naturalmenteandrea.it\/blog\/wp-content\/uploads\/2026\/02\/naturalmenteandrea-kalura_8264.webp\"><img loading=\"lazy\" decoding=\"async\" width=\"1024\" height=\"683\" data-id=\"962\" src=\"https:\/\/www.naturalmenteandrea.it\/blog\/wp-content\/uploads\/2026\/02\/naturalmenteandrea-kalura_8264-1024x683.webp\" alt=\"\" class=\"wp-image-962\" srcset=\"https:\/\/www.naturalmenteandrea.it\/blog\/wp-content\/uploads\/2026\/02\/naturalmenteandrea-kalura_8264-1024x683.webp 1024w, https:\/\/www.naturalmenteandrea.it\/blog\/wp-content\/uploads\/2026\/02\/naturalmenteandrea-kalura_8264-300x200.webp 300w, https:\/\/www.naturalmenteandrea.it\/blog\/wp-content\/uploads\/2026\/02\/naturalmenteandrea-kalura_8264-768x512.webp 768w, https:\/\/www.naturalmenteandrea.it\/blog\/wp-content\/uploads\/2026\/02\/naturalmenteandrea-kalura_8264-1536x1024.webp 1536w, https:\/\/www.naturalmenteandrea.it\/blog\/wp-content\/uploads\/2026\/02\/naturalmenteandrea-kalura_8264.webp 1920w\" sizes=\"auto, (max-width: 1024px) 100vw, 1024px\" \/><\/a><figcaption class=\"wp-element-caption\">Ipogeo di Donnafugata<\/figcaption><\/figure>\n\n\n\n<figure class=\"wp-block-image size-large\"><a href=\"https:\/\/www.naturalmenteandrea.it\/blog\/wp-content\/uploads\/2026\/02\/naturalmenteandrea-kalura_8278.webp\"><img loading=\"lazy\" decoding=\"async\" width=\"1024\" height=\"683\" data-id=\"963\" src=\"https:\/\/www.naturalmenteandrea.it\/blog\/wp-content\/uploads\/2026\/02\/naturalmenteandrea-kalura_8278-1024x683.webp\" alt=\"\" class=\"wp-image-963\" srcset=\"https:\/\/www.naturalmenteandrea.it\/blog\/wp-content\/uploads\/2026\/02\/naturalmenteandrea-kalura_8278-1024x683.webp 1024w, https:\/\/www.naturalmenteandrea.it\/blog\/wp-content\/uploads\/2026\/02\/naturalmenteandrea-kalura_8278-300x200.webp 300w, https:\/\/www.naturalmenteandrea.it\/blog\/wp-content\/uploads\/2026\/02\/naturalmenteandrea-kalura_8278-768x512.webp 768w, https:\/\/www.naturalmenteandrea.it\/blog\/wp-content\/uploads\/2026\/02\/naturalmenteandrea-kalura_8278-1536x1024.webp 1536w, https:\/\/www.naturalmenteandrea.it\/blog\/wp-content\/uploads\/2026\/02\/naturalmenteandrea-kalura_8278.webp 1920w\" sizes=\"auto, (max-width: 1024px) 100vw, 1024px\" \/><\/a><figcaption class=\"wp-element-caption\">Spunta la luna al nostro arrivo<\/figcaption><\/figure>\n\n\n\n<figure class=\"wp-block-image size-large\"><a href=\"https:\/\/www.naturalmenteandrea.it\/blog\/wp-content\/uploads\/2026\/02\/naturalmenteandrea-kalura_8283.webp\"><img loading=\"lazy\" decoding=\"async\" width=\"1024\" height=\"683\" data-id=\"964\" src=\"https:\/\/www.naturalmenteandrea.it\/blog\/wp-content\/uploads\/2026\/02\/naturalmenteandrea-kalura_8283-1024x683.webp\" alt=\"\" class=\"wp-image-964\" srcset=\"https:\/\/www.naturalmenteandrea.it\/blog\/wp-content\/uploads\/2026\/02\/naturalmenteandrea-kalura_8283-1024x683.webp 1024w, https:\/\/www.naturalmenteandrea.it\/blog\/wp-content\/uploads\/2026\/02\/naturalmenteandrea-kalura_8283-300x200.webp 300w, https:\/\/www.naturalmenteandrea.it\/blog\/wp-content\/uploads\/2026\/02\/naturalmenteandrea-kalura_8283-768x512.webp 768w, https:\/\/www.naturalmenteandrea.it\/blog\/wp-content\/uploads\/2026\/02\/naturalmenteandrea-kalura_8283-1536x1024.webp 1536w, https:\/\/www.naturalmenteandrea.it\/blog\/wp-content\/uploads\/2026\/02\/naturalmenteandrea-kalura_8283.webp 1920w\" sizes=\"auto, (max-width: 1024px) 100vw, 1024px\" \/><\/a><figcaption class=\"wp-element-caption\">Castello di Donnafugata<\/figcaption><\/figure>\n<\/figure>\n","protected":false},"excerpt":{"rendered":"<p>Dopo anni di pigrizia, stimolato da diverse convergenze mi sono ritrovato invitato da Kalura a partecipare ad una loro escursione. Mi sono vergognato di non conoscere luoghi cos\u00ec importanti a due passi da casa. Non uno, ma ben due ipogei paleocristiani risalenti al IV-V sec d.c. tutto sommato conservati bene, la grotta delle Trabacche addirittura [&hellip;]<\/p>\n","protected":false},"author":28,"featured_media":947,"comment_status":"closed","ping_status":"closed","sticky":false,"template":"","format":"standard","meta":{"footnotes":""},"categories":[14,33],"tags":[],"class_list":["post-944","post","type-post","status-publish","format-standard","has-post-thumbnail","hentry","category-fotografia","category-percorsi"],"yoast_head":"<!-- This site is optimized with the Yoast SEO plugin v28.4 - https:\/\/yoast.com\/product\/yoast-seo-wordpress\/ -->\n<title>Paleo campagna iblea - con Kalura - naturalmenteAndrea - Andrea Scarf\u00f2 - blog<\/title>\n<meta name=\"description\" content=\"Dopo anni di pigrizia mi sono ritrovato invitato da Kalura a partecipare ad una loro escursione. Mi sono vergognato di non conoscere...\" \/>\n<meta name=\"robots\" content=\"index, follow, max-snippet:-1, max-image-preview:large, max-video-preview:-1\" \/>\n<link rel=\"canonical\" href=\"https:\/\/www.naturalmenteandrea.it\/blog\/paleo-campagna-iblea-con-kalura\/\" \/>\n<meta property=\"og:locale\" content=\"it_IT\" \/>\n<meta property=\"og:type\" content=\"article\" \/>\n<meta property=\"og:title\" content=\"Paleo campagna iblea - con Kalura - naturalmenteAndrea - Andrea Scarf\u00f2 - blog\" \/>\n<meta property=\"og:description\" content=\"Dopo anni di pigrizia mi sono ritrovato invitato da Kalura a partecipare ad una loro escursione. Mi sono vergognato di non conoscere...\" \/>\n<meta property=\"og:url\" content=\"https:\/\/www.naturalmenteandrea.it\/blog\/paleo-campagna-iblea-con-kalura\/\" \/>\n<meta property=\"og:site_name\" content=\"naturalmenteAndrea - Andrea Scarf\u00f2 - blog\" \/>\n<meta property=\"article:publisher\" content=\"https:\/\/facebook.com\/naturalmenteAndrea\/\" \/>\n<meta property=\"article:author\" content=\"https:\/\/facebook.com\/naturalmenteAndrea\/\" \/>\n<meta property=\"article:published_time\" content=\"2026-02-03T08:58:19+00:00\" \/>\n<meta property=\"article:modified_time\" content=\"2026-02-03T10:58:47+00:00\" \/>\n<meta property=\"og:image\" content=\"https:\/\/www.naturalmenteandrea.it\/blog\/wp-content\/uploads\/2026\/02\/naturalmenteandrea-kalura_8184.webp\" \/>\n\t<meta property=\"og:image:width\" content=\"1920\" \/>\n\t<meta property=\"og:image:height\" content=\"1280\" \/>\n\t<meta property=\"og:image:type\" content=\"image\/webp\" \/>\n<meta name=\"author\" content=\"andrea\" \/>\n<meta name=\"twitter:card\" content=\"summary_large_image\" \/>\n<meta name=\"twitter:creator\" content=\"@https:\/\/twitter.com\/andrea_scarfo\" \/>\n<meta name=\"twitter:site\" content=\"@andrea_scarfo\" \/>\n<meta name=\"twitter:label1\" content=\"Scritto da\" \/>\n\t<meta name=\"twitter:data1\" content=\"andrea\" \/>\n\t<meta name=\"twitter:label2\" content=\"Tempo di lettura stimato\" \/>\n\t<meta name=\"twitter:data2\" content=\"8 minuti\" \/>\n<script type=\"application\/ld+json\" class=\"yoast-schema-graph\">{\"@context\":\"https:\\\/\\\/schema.org\",\"@graph\":[{\"@type\":\"Article\",\"@id\":\"https:\\\/\\\/www.naturalmenteandrea.it\\\/blog\\\/paleo-campagna-iblea-con-kalura\\\/#article\",\"isPartOf\":{\"@id\":\"https:\\\/\\\/www.naturalmenteandrea.it\\\/blog\\\/paleo-campagna-iblea-con-kalura\\\/\"},\"author\":{\"name\":\"andrea\",\"@id\":\"https:\\\/\\\/www.naturalmenteandrea.it\\\/blog\\\/#\\\/schema\\\/person\\\/0f1832676e6fc5cee258e45f2899612a\"},\"headline\":\"Paleo campagna iblea &#8211; con Kalura\",\"datePublished\":\"2026-02-03T08:58:19+00:00\",\"dateModified\":\"2026-02-03T10:58:47+00:00\",\"mainEntityOfPage\":{\"@id\":\"https:\\\/\\\/www.naturalmenteandrea.it\\\/blog\\\/paleo-campagna-iblea-con-kalura\\\/\"},\"wordCount\":459,\"publisher\":{\"@id\":\"https:\\\/\\\/www.naturalmenteandrea.it\\\/blog\\\/#\\\/schema\\\/person\\\/0f1832676e6fc5cee258e45f2899612a\"},\"image\":{\"@id\":\"https:\\\/\\\/www.naturalmenteandrea.it\\\/blog\\\/paleo-campagna-iblea-con-kalura\\\/#primaryimage\"},\"thumbnailUrl\":\"https:\\\/\\\/www.naturalmenteandrea.it\\\/blog\\\/wp-content\\\/uploads\\\/2026\\\/02\\\/naturalmenteandrea-kalura_8184.webp\",\"articleSection\":[\"fotograficamente\",\"Percorsi\"],\"inLanguage\":\"it-IT\"},{\"@type\":\"WebPage\",\"@id\":\"https:\\\/\\\/www.naturalmenteandrea.it\\\/blog\\\/paleo-campagna-iblea-con-kalura\\\/\",\"url\":\"https:\\\/\\\/www.naturalmenteandrea.it\\\/blog\\\/paleo-campagna-iblea-con-kalura\\\/\",\"name\":\"Paleo campagna iblea - con Kalura - naturalmenteAndrea - Andrea Scarf\u00f2 - blog\",\"isPartOf\":{\"@id\":\"https:\\\/\\\/www.naturalmenteandrea.it\\\/blog\\\/#website\"},\"primaryImageOfPage\":{\"@id\":\"https:\\\/\\\/www.naturalmenteandrea.it\\\/blog\\\/paleo-campagna-iblea-con-kalura\\\/#primaryimage\"},\"image\":{\"@id\":\"https:\\\/\\\/www.naturalmenteandrea.it\\\/blog\\\/paleo-campagna-iblea-con-kalura\\\/#primaryimage\"},\"thumbnailUrl\":\"https:\\\/\\\/www.naturalmenteandrea.it\\\/blog\\\/wp-content\\\/uploads\\\/2026\\\/02\\\/naturalmenteandrea-kalura_8184.webp\",\"datePublished\":\"2026-02-03T08:58:19+00:00\",\"dateModified\":\"2026-02-03T10:58:47+00:00\",\"description\":\"Dopo anni di pigrizia mi sono ritrovato invitato da Kalura a partecipare ad una loro escursione. Mi sono vergognato di non conoscere...\",\"breadcrumb\":{\"@id\":\"https:\\\/\\\/www.naturalmenteandrea.it\\\/blog\\\/paleo-campagna-iblea-con-kalura\\\/#breadcrumb\"},\"inLanguage\":\"it-IT\",\"potentialAction\":[{\"@type\":\"ReadAction\",\"target\":[\"https:\\\/\\\/www.naturalmenteandrea.it\\\/blog\\\/paleo-campagna-iblea-con-kalura\\\/\"]}]},{\"@type\":\"ImageObject\",\"inLanguage\":\"it-IT\",\"@id\":\"https:\\\/\\\/www.naturalmenteandrea.it\\\/blog\\\/paleo-campagna-iblea-con-kalura\\\/#primaryimage\",\"url\":\"https:\\\/\\\/www.naturalmenteandrea.it\\\/blog\\\/wp-content\\\/uploads\\\/2026\\\/02\\\/naturalmenteandrea-kalura_8184.webp\",\"contentUrl\":\"https:\\\/\\\/www.naturalmenteandrea.it\\\/blog\\\/wp-content\\\/uploads\\\/2026\\\/02\\\/naturalmenteandrea-kalura_8184.webp\",\"width\":1920,\"height\":1280,\"caption\":\"Tomba a baldacchino dentro la grotta delle Trabacche\"},{\"@type\":\"BreadcrumbList\",\"@id\":\"https:\\\/\\\/www.naturalmenteandrea.it\\\/blog\\\/paleo-campagna-iblea-con-kalura\\\/#breadcrumb\",\"itemListElement\":[{\"@type\":\"ListItem\",\"position\":1,\"name\":\"Home\",\"item\":\"https:\\\/\\\/www.naturalmenteandrea.it\\\/blog\\\/\"},{\"@type\":\"ListItem\",\"position\":2,\"name\":\"Paleo campagna iblea &#8211; con Kalura\"}]},{\"@type\":\"WebSite\",\"@id\":\"https:\\\/\\\/www.naturalmenteandrea.it\\\/blog\\\/#website\",\"url\":\"https:\\\/\\\/www.naturalmenteandrea.it\\\/blog\\\/\",\"name\":\"naturalmenteAndrea - Andrea Scarf\u00f2 - blog\",\"description\":\"fotografia - natura - ambiente - fotografia astratta - umanit\u00e0 - sociale\",\"publisher\":{\"@id\":\"https:\\\/\\\/www.naturalmenteandrea.it\\\/blog\\\/#\\\/schema\\\/person\\\/0f1832676e6fc5cee258e45f2899612a\"},\"potentialAction\":[{\"@type\":\"SearchAction\",\"target\":{\"@type\":\"EntryPoint\",\"urlTemplate\":\"https:\\\/\\\/www.naturalmenteandrea.it\\\/blog\\\/?s={search_term_string}\"},\"query-input\":{\"@type\":\"PropertyValueSpecification\",\"valueRequired\":true,\"valueName\":\"search_term_string\"}}],\"inLanguage\":\"it-IT\"},{\"@type\":[\"Person\",\"Organization\"],\"@id\":\"https:\\\/\\\/www.naturalmenteandrea.it\\\/blog\\\/#\\\/schema\\\/person\\\/0f1832676e6fc5cee258e45f2899612a\",\"name\":\"andrea\",\"image\":{\"@type\":\"ImageObject\",\"inLanguage\":\"it-IT\",\"@id\":\"https:\\\/\\\/www.naturalmenteandrea.it\\\/blog\\\/wp-content\\\/uploads\\\/2022\\\/09\\\/XE3S5239.jpg\",\"url\":\"https:\\\/\\\/www.naturalmenteandrea.it\\\/blog\\\/wp-content\\\/uploads\\\/2022\\\/09\\\/XE3S5239.jpg\",\"contentUrl\":\"https:\\\/\\\/www.naturalmenteandrea.it\\\/blog\\\/wp-content\\\/uploads\\\/2022\\\/09\\\/XE3S5239.jpg\",\"width\":1800,\"height\":1200,\"caption\":\"andrea\"},\"logo\":{\"@id\":\"https:\\\/\\\/www.naturalmenteandrea.it\\\/blog\\\/wp-content\\\/uploads\\\/2022\\\/09\\\/XE3S5239.jpg\"},\"sameAs\":[\"https:\\\/\\\/facebook.com\\\/naturalmenteAndrea\\\/\",\"https:\\\/\\\/instagram.com\\\/andrea_scarfo\\\/\",\"https:\\\/\\\/www.linkedin.com\\\/in\\\/andreascarfo\\\/\",\"https:\\\/\\\/www.pinterest.it\\\/andreascarfo\\\/\",\"https:\\\/\\\/x.com\\\/https:\\\/\\\/twitter.com\\\/andrea_scarfo\",\"https:\\\/\\\/www.youtube.com\\\/c\\\/AndreaScarf\u00f2\"],\"url\":\"https:\\\/\\\/www.naturalmenteandrea.it\\\/blog\\\/author\\\/andrea\\\/\"}]}<\/script>\n<!-- \/ Yoast SEO plugin. -->","yoast_head_json":{"title":"Paleo campagna iblea - con Kalura - naturalmenteAndrea - Andrea Scarf\u00f2 - blog","description":"Dopo anni di pigrizia mi sono ritrovato invitato da Kalura a partecipare ad una loro escursione. Mi sono vergognato di non conoscere...","robots":{"index":"index","follow":"follow","max-snippet":"max-snippet:-1","max-image-preview":"max-image-preview:large","max-video-preview":"max-video-preview:-1"},"canonical":"https:\/\/www.naturalmenteandrea.it\/blog\/paleo-campagna-iblea-con-kalura\/","og_locale":"it_IT","og_type":"article","og_title":"Paleo campagna iblea - con Kalura - naturalmenteAndrea - Andrea Scarf\u00f2 - blog","og_description":"Dopo anni di pigrizia mi sono ritrovato invitato da Kalura a partecipare ad una loro escursione. Mi sono vergognato di non conoscere...","og_url":"https:\/\/www.naturalmenteandrea.it\/blog\/paleo-campagna-iblea-con-kalura\/","og_site_name":"naturalmenteAndrea - Andrea Scarf\u00f2 - blog","article_publisher":"https:\/\/facebook.com\/naturalmenteAndrea\/","article_author":"https:\/\/facebook.com\/naturalmenteAndrea\/","article_published_time":"2026-02-03T08:58:19+00:00","article_modified_time":"2026-02-03T10:58:47+00:00","og_image":[{"width":1920,"height":1280,"url":"https:\/\/www.naturalmenteandrea.it\/blog\/wp-content\/uploads\/2026\/02\/naturalmenteandrea-kalura_8184.webp","type":"image\/webp"}],"author":"andrea","twitter_card":"summary_large_image","twitter_creator":"@https:\/\/twitter.com\/andrea_scarfo","twitter_site":"@andrea_scarfo","twitter_misc":{"Scritto da":"andrea","Tempo di lettura stimato":"8 minuti"},"schema":{"@context":"https:\/\/schema.org","@graph":[{"@type":"Article","@id":"https:\/\/www.naturalmenteandrea.it\/blog\/paleo-campagna-iblea-con-kalura\/#article","isPartOf":{"@id":"https:\/\/www.naturalmenteandrea.it\/blog\/paleo-campagna-iblea-con-kalura\/"},"author":{"name":"andrea","@id":"https:\/\/www.naturalmenteandrea.it\/blog\/#\/schema\/person\/0f1832676e6fc5cee258e45f2899612a"},"headline":"Paleo campagna iblea &#8211; con Kalura","datePublished":"2026-02-03T08:58:19+00:00","dateModified":"2026-02-03T10:58:47+00:00","mainEntityOfPage":{"@id":"https:\/\/www.naturalmenteandrea.it\/blog\/paleo-campagna-iblea-con-kalura\/"},"wordCount":459,"publisher":{"@id":"https:\/\/www.naturalmenteandrea.it\/blog\/#\/schema\/person\/0f1832676e6fc5cee258e45f2899612a"},"image":{"@id":"https:\/\/www.naturalmenteandrea.it\/blog\/paleo-campagna-iblea-con-kalura\/#primaryimage"},"thumbnailUrl":"https:\/\/www.naturalmenteandrea.it\/blog\/wp-content\/uploads\/2026\/02\/naturalmenteandrea-kalura_8184.webp","articleSection":["fotograficamente","Percorsi"],"inLanguage":"it-IT"},{"@type":"WebPage","@id":"https:\/\/www.naturalmenteandrea.it\/blog\/paleo-campagna-iblea-con-kalura\/","url":"https:\/\/www.naturalmenteandrea.it\/blog\/paleo-campagna-iblea-con-kalura\/","name":"Paleo campagna iblea - con Kalura - naturalmenteAndrea - Andrea Scarf\u00f2 - blog","isPartOf":{"@id":"https:\/\/www.naturalmenteandrea.it\/blog\/#website"},"primaryImageOfPage":{"@id":"https:\/\/www.naturalmenteandrea.it\/blog\/paleo-campagna-iblea-con-kalura\/#primaryimage"},"image":{"@id":"https:\/\/www.naturalmenteandrea.it\/blog\/paleo-campagna-iblea-con-kalura\/#primaryimage"},"thumbnailUrl":"https:\/\/www.naturalmenteandrea.it\/blog\/wp-content\/uploads\/2026\/02\/naturalmenteandrea-kalura_8184.webp","datePublished":"2026-02-03T08:58:19+00:00","dateModified":"2026-02-03T10:58:47+00:00","description":"Dopo anni di pigrizia mi sono ritrovato invitato da Kalura a partecipare ad una loro escursione. Mi sono vergognato di non conoscere...","breadcrumb":{"@id":"https:\/\/www.naturalmenteandrea.it\/blog\/paleo-campagna-iblea-con-kalura\/#breadcrumb"},"inLanguage":"it-IT","potentialAction":[{"@type":"ReadAction","target":["https:\/\/www.naturalmenteandrea.it\/blog\/paleo-campagna-iblea-con-kalura\/"]}]},{"@type":"ImageObject","inLanguage":"it-IT","@id":"https:\/\/www.naturalmenteandrea.it\/blog\/paleo-campagna-iblea-con-kalura\/#primaryimage","url":"https:\/\/www.naturalmenteandrea.it\/blog\/wp-content\/uploads\/2026\/02\/naturalmenteandrea-kalura_8184.webp","contentUrl":"https:\/\/www.naturalmenteandrea.it\/blog\/wp-content\/uploads\/2026\/02\/naturalmenteandrea-kalura_8184.webp","width":1920,"height":1280,"caption":"Tomba a baldacchino dentro la grotta delle Trabacche"},{"@type":"BreadcrumbList","@id":"https:\/\/www.naturalmenteandrea.it\/blog\/paleo-campagna-iblea-con-kalura\/#breadcrumb","itemListElement":[{"@type":"ListItem","position":1,"name":"Home","item":"https:\/\/www.naturalmenteandrea.it\/blog\/"},{"@type":"ListItem","position":2,"name":"Paleo campagna iblea &#8211; con Kalura"}]},{"@type":"WebSite","@id":"https:\/\/www.naturalmenteandrea.it\/blog\/#website","url":"https:\/\/www.naturalmenteandrea.it\/blog\/","name":"naturalmenteAndrea - Andrea Scarf\u00f2 - blog","description":"fotografia - natura - ambiente - fotografia astratta - umanit\u00e0 - sociale","publisher":{"@id":"https:\/\/www.naturalmenteandrea.it\/blog\/#\/schema\/person\/0f1832676e6fc5cee258e45f2899612a"},"potentialAction":[{"@type":"SearchAction","target":{"@type":"EntryPoint","urlTemplate":"https:\/\/www.naturalmenteandrea.it\/blog\/?s={search_term_string}"},"query-input":{"@type":"PropertyValueSpecification","valueRequired":true,"valueName":"search_term_string"}}],"inLanguage":"it-IT"},{"@type":["Person","Organization"],"@id":"https:\/\/www.naturalmenteandrea.it\/blog\/#\/schema\/person\/0f1832676e6fc5cee258e45f2899612a","name":"andrea","image":{"@type":"ImageObject","inLanguage":"it-IT","@id":"https:\/\/www.naturalmenteandrea.it\/blog\/wp-content\/uploads\/2022\/09\/XE3S5239.jpg","url":"https:\/\/www.naturalmenteandrea.it\/blog\/wp-content\/uploads\/2022\/09\/XE3S5239.jpg","contentUrl":"https:\/\/www.naturalmenteandrea.it\/blog\/wp-content\/uploads\/2022\/09\/XE3S5239.jpg","width":1800,"height":1200,"caption":"andrea"},"logo":{"@id":"https:\/\/www.naturalmenteandrea.it\/blog\/wp-content\/uploads\/2022\/09\/XE3S5239.jpg"},"sameAs":["https:\/\/facebook.com\/naturalmenteAndrea\/","https:\/\/instagram.com\/andrea_scarfo\/","https:\/\/www.linkedin.com\/in\/andreascarfo\/","https:\/\/www.pinterest.it\/andreascarfo\/","https:\/\/x.com\/https:\/\/twitter.com\/andrea_scarfo","https:\/\/www.youtube.com\/c\/AndreaScarf\u00f2"],"url":"https:\/\/www.naturalmenteandrea.it\/blog\/author\/andrea\/"}]}},"_links":{"self":[{"href":"https:\/\/www.naturalmenteandrea.it\/blog\/wp-json\/wp\/v2\/posts\/944","targetHints":{"allow":["GET"]}}],"collection":[{"href":"https:\/\/www.naturalmenteandrea.it\/blog\/wp-json\/wp\/v2\/posts"}],"about":[{"href":"https:\/\/www.naturalmenteandrea.it\/blog\/wp-json\/wp\/v2\/types\/post"}],"author":[{"embeddable":true,"href":"https:\/\/www.naturalmenteandrea.it\/blog\/wp-json\/wp\/v2\/users\/28"}],"replies":[{"embeddable":true,"href":"https:\/\/www.naturalmenteandrea.it\/blog\/wp-json\/wp\/v2\/comments?post=944"}],"version-history":[{"count":16,"href":"https:\/\/www.naturalmenteandrea.it\/blog\/wp-json\/wp\/v2\/posts\/944\/revisions"}],"predecessor-version":[{"id":989,"href":"https:\/\/www.naturalmenteandrea.it\/blog\/wp-json\/wp\/v2\/posts\/944\/revisions\/989"}],"wp:featuredmedia":[{"embeddable":true,"href":"https:\/\/www.naturalmenteandrea.it\/blog\/wp-json\/wp\/v2\/media\/947"}],"wp:attachment":[{"href":"https:\/\/www.naturalmenteandrea.it\/blog\/wp-json\/wp\/v2\/media?parent=944"}],"wp:term":[{"taxonomy":"category","embeddable":true,"href":"https:\/\/www.naturalmenteandrea.it\/blog\/wp-json\/wp\/v2\/categories?post=944"},{"taxonomy":"post_tag","embeddable":true,"href":"https:\/\/www.naturalmenteandrea.it\/blog\/wp-json\/wp\/v2\/tags?post=944"}],"curies":[{"name":"wp","href":"https:\/\/api.w.org\/{rel}","templated":true}]}}